{"id":66,"date":"2021-08-08T10:24:49","date_gmt":"2021-08-08T08:24:49","guid":{"rendered":"http:\/\/accio.pl\/hp9\/drup\/?p=66"},"modified":"2021-08-08T10:27:01","modified_gmt":"2021-08-08T08:27:01","slug":"co-tak-naprawde-stalo-sie-ze-szczatkami-lorda-voldemorta-czy-kiedykolwiek-jeszcze-powroci","status":"publish","type":"post","link":"https:\/\/accio.pl\/hp9\/drup\/2021\/08\/08\/co-tak-naprawde-stalo-sie-ze-szczatkami-lorda-voldemorta-czy-kiedykolwiek-jeszcze-powroci\/","title":{"rendered":"Co tak naprawd\u0119 sta\u0142o si\u0119 ze szcz\u0105tkami Lorda Voldemorta? Czy kiedykolwiek jeszcze powr\u00f3ci?"},"content":{"rendered":"<p>Wielu z Was zastanawia si\u0119, co sta\u0142o si\u0119 ze szcz\u0105tkami Lorda Voldemorta po jego \u015bmierci w finale powie\u015bci &#8220;Harry Potter i Insygnia \u015amierci&#8221;. Postanowili\u015bmy przyjrze\u0107 si\u0119 tej sprawie.<\/p>\n<p>&nbsp;<\/p>\n<p style=\"text-align: justify;\"><a href=\"http:\/\/accio.pl\/hp9\/drup\/2021\/08\/08\/co-tak-naprawde-stalo-sie-ze-szczatkami-lorda-voldemorta-czy-kiedykolwiek-jeszcze-powroci\/voldemort-death\/\" rel=\"attachment wp-att-70\"><img loading=\"lazy\" decoding=\"async\" class=\"size-medium wp-image-70 alignleft\" src=\"http:\/\/accio.pl\/hp9\/drup\/wp-content\/uploads\/sites\/2\/2021\/08\/Voldemort-Death-300x167.jpg\" alt=\"\" width=\"300\" height=\"167\" srcset=\"https:\/\/accio.pl\/hp9\/drup\/wp-content\/uploads\/sites\/2\/2021\/08\/Voldemort-Death-300x167.jpg 300w, https:\/\/accio.pl\/hp9\/drup\/wp-content\/uploads\/sites\/2\/2021\/08\/Voldemort-Death-421x235.jpg 421w, https:\/\/accio.pl\/hp9\/drup\/wp-content\/uploads\/sites\/2\/2021\/08\/Voldemort-Death.jpg 450w\" sizes=\"auto, (max-width: 300px) 100vw, 300px\" \/><\/a>Jak wiadomo w filmie &#8220;Harry Potter i Insygnia \u015amierci cz\u0119\u015b\u0107 2&#8221; po przegranym pojedynku fina\u0142owym Voldemort rozpada si\u0119 si\u0119 na kawa\u0142eczki, kt\u00f3re wzlatuj\u0105 w powietrze niczym py\u0142. Jest to jednak wy\u0142\u0105cznie dziwny wymys\u0142 scenarzyst\u00f3w, bo w ksi\u0105\u017cce &#8220;Harry Potter i Insygnia \u015amierci&#8221; nic takiego nie mia\u0142o miejsca.<\/p>\n<p style=\"text-align: justify;\"><em>Tom Riddle pad\u0142 na posadzk\u0119 z pustymi r\u0119kami, jego cia\u0142o skurczy\u0142o si\u0119 i zwiotcza\u0142o, z podobnej do g\u0142owy w\u0119\u017ca twarzy znik\u0142 wszelki wyraz, zago\u015bci\u0142a w niej pusta. Voldemort by\u0142 martwy, zabi\u0142o go jego w\u0142asne zakl\u0119cie, a Harry sta\u0142 z dwiema r\u00f3\u017cd\u017ckami patrz\u0105c na skorup\u0119 swojego \u015bmiertelnego wroga.<\/em><br \/>\n(&#8220;Harry Potter i Insygnia \u015amierci&#8221;, strona 764)<\/p>\n<p>&nbsp;<\/p>\n<p style=\"text-align: justify;\"><a href=\"http:\/\/accio.pl\/hp9\/drup\/2021\/08\/08\/co-tak-naprawde-stalo-sie-ze-szczatkami-lorda-voldemorta-czy-kiedykolwiek-jeszcze-powroci\/harryvoldemortdueldhclose-up\/\" rel=\"attachment wp-att-67\"><img loading=\"lazy\" decoding=\"async\" class=\"size-medium wp-image-67 alignleft\" src=\"http:\/\/accio.pl\/hp9\/drup\/wp-content\/uploads\/sites\/2\/2021\/08\/HarryVoldemortDuelDHClose-up-300x169.png\" alt=\"\" width=\"300\" height=\"169\" srcset=\"https:\/\/accio.pl\/hp9\/drup\/wp-content\/uploads\/sites\/2\/2021\/08\/HarryVoldemortDuelDHClose-up-300x169.png 300w, https:\/\/accio.pl\/hp9\/drup\/wp-content\/uploads\/sites\/2\/2021\/08\/HarryVoldemortDuelDHClose-up-421x237.png 421w, https:\/\/accio.pl\/hp9\/drup\/wp-content\/uploads\/sites\/2\/2021\/08\/HarryVoldemortDuelDHClose-up.png 480w\" sizes=\"auto, (max-width: 300px) 100vw, 300px\" \/><\/a>Jak wi\u0119c wida\u0107 szcz\u0105tki Voldemorta faktycznie przetrwa\u0142y, a sama J.K. Rowling nigdy jasno nie wyja\u015bni\u0142a, co si\u0119 p\u00f3\u017aniej z nimi sta\u0142o. Teorii fanowskich na ten temat jest wiele, nie zawsze maj\u0105 one jednak jakikolwiek sens. O to, co sta\u0142o si\u0119 z cia\u0142em Voldemorta po zako\u0144czeniu drugiej bitwy o Hogwart spytali\u015bmy Marcina D\u0119g\u0119, autora trylogii BCG i ca\u0142ego DRUPu.<\/p>\n<p style=\"text-align: justify;\"><em>To faktycznie bardzo ciekawa kwestia i dziwi\u0119 si\u0119, \u017ce do tej pory J.K.<a href=\"http:\/\/accio.pl\/hp9\/drup\/2021\/08\/08\/co-tak-naprawde-stalo-sie-ze-szczatkami-lorda-voldemorta-czy-kiedykolwiek-jeszcze-powroci\/tom_marvolo_riddle_lord_voldemort_by_chillyravenart_dbrw5x2-fullview\/\" rel=\"attachment wp-att-69\"><img loading=\"lazy\" decoding=\"async\" class=\"size-medium wp-image-69 alignright\" src=\"http:\/\/accio.pl\/hp9\/drup\/wp-content\/uploads\/sites\/2\/2021\/08\/tom_marvolo_riddle_lord_voldemort_by_chillyravenart_dbrw5x2-fullview-259x300.jpg\" alt=\"\" width=\"259\" height=\"300\" srcset=\"https:\/\/accio.pl\/hp9\/drup\/wp-content\/uploads\/sites\/2\/2021\/08\/tom_marvolo_riddle_lord_voldemort_by_chillyravenart_dbrw5x2-fullview-259x300.jpg 259w, https:\/\/accio.pl\/hp9\/drup\/wp-content\/uploads\/sites\/2\/2021\/08\/tom_marvolo_riddle_lord_voldemort_by_chillyravenart_dbrw5x2-fullview-884x1024.jpg 884w, https:\/\/accio.pl\/hp9\/drup\/wp-content\/uploads\/sites\/2\/2021\/08\/tom_marvolo_riddle_lord_voldemort_by_chillyravenart_dbrw5x2-fullview-768x890.jpg 768w, https:\/\/accio.pl\/hp9\/drup\/wp-content\/uploads\/sites\/2\/2021\/08\/tom_marvolo_riddle_lord_voldemort_by_chillyravenart_dbrw5x2-fullview.jpg 1280w\" sizes=\"auto, (max-width: 259px) 100vw, 259px\" \/><\/a> Rowling nie wypowiedzia\u0142a si\u0119 na ten temat. Bardzo d\u0142ugo zastanawia\u0142em si\u0119, co w\u0142a\u015bciwie Harry zrobi\u0142by ze szcz\u0105tkami swojego \u015bmiertelnego wroga. Wyja\u015bnienie tej zagadki w ko\u0144cu sta\u0142o si\u0119 dla mnie bardzo oczywiste. Po zako\u0144czeniu walk Harry zadba\u0142 o to, \u017ceby nikt nigdy nie m\u00f3g\u0142 wykorzysta\u0107 zw\u0142ok Lorda Voldemorta do czarnej magii. W tym celu najpierw spali\u0142 szcz\u0105tki Toma Riddle&#8217;a przy u\u017cyciu Szata\u0144skiej Po\u017cogi (a jak wiemy ju\u017c z Pentaklu W\u0119\u017coustych Harry opanowa\u0142 j\u0105 do perfekcji), a nast\u0119pnie prochy wroga rozsypa\u0142 na cmentarzu w Little Hangleton. Wybra\u0142 to miejsce z dw\u00f3ch powod\u00f3w: po pierwsze to w\u0142a\u015bnie tam nast\u0105pi\u0142 powr\u00f3t Voldermorta, kt\u00f3ry da\u0142 pocz\u0105tek ca\u0142ej sekwencji zdarze\u0144, po drugie to w\u0142a\u015bnie na tym cmentarzu spoczywa\u0142y pierwsze bezpo\u015brednie ofiary \u015bmiertelne Toma Marvolo Riddle&#8217;a, czyli jego ojciec i dziadkowie. W ten spos\u00f3b Harry bezpowrotnie zamkn\u0105\u0142 czarnoksi\u0119\u017cnikom drog\u0119 do wykorzystania cia\u0142a Voldemorta w jakikolwiek spos\u00f3b (np. jego ko\u015bci w spos\u00f3b opisany w Czarze Ognia).<\/em><\/p>\n<p style=\"text-align: justify;\"><a href=\"http:\/\/accio.pl\/hp9\/drup\/2021\/08\/08\/co-tak-naprawde-stalo-sie-ze-szczatkami-lorda-voldemorta-czy-kiedykolwiek-jeszcze-powroci\/lord_voldemort_by_jaaaiiro_d4afngf-fullview\/\" rel=\"attachment wp-att-68\"><img loading=\"lazy\" decoding=\"async\" class=\"size-medium wp-image-68 alignleft\" src=\"http:\/\/accio.pl\/hp9\/drup\/wp-content\/uploads\/sites\/2\/2021\/08\/lord_voldemort_by_jaaaiiro_d4afngf-fullview-212x300.jpg\" alt=\"\" width=\"212\" height=\"300\" srcset=\"https:\/\/accio.pl\/hp9\/drup\/wp-content\/uploads\/sites\/2\/2021\/08\/lord_voldemort_by_jaaaiiro_d4afngf-fullview-212x300.jpg 212w, https:\/\/accio.pl\/hp9\/drup\/wp-content\/uploads\/sites\/2\/2021\/08\/lord_voldemort_by_jaaaiiro_d4afngf-fullview-723x1024.jpg 723w, https:\/\/accio.pl\/hp9\/drup\/wp-content\/uploads\/sites\/2\/2021\/08\/lord_voldemort_by_jaaaiiro_d4afngf-fullview-768x1087.jpg 768w, https:\/\/accio.pl\/hp9\/drup\/wp-content\/uploads\/sites\/2\/2021\/08\/lord_voldemort_by_jaaaiiro_d4afngf-fullview.jpg 900w\" sizes=\"auto, (max-width: 212px) 100vw, 212px\" \/><\/a>Cho\u0107 wi\u0119c nie znamy los\u00f3w szcz\u0105tk\u00f3w Czarnego Pana w kanonie Harry&#8217;ego Pottera, mamy jasn\u0105 odpowied\u017a na to, co sta\u0142o si\u0119 z nimi w fanowskim rozszerzeniu tego \u015bwiata autorstwa Marcina D\u0119gi.<\/p>\n<p style=\"text-align: justify;\">Czy zatem s\u0105 jakiekolwiek szanse na to, \u017ceby Lord Voldemort powr\u00f3ci\u0142 w DRUPie?<\/p>\n<p style=\"text-align: justify;\"><em>Ka\u017cdy kto czyta\u0142 Martina Gande i cuchn\u0105cego \u015bmierci\u0105 manipulanta czasowego wie doskonale, \u017ce takie ryzyko jest bardzo realne. Czy to kiedykolwiek nast\u0105pi? Tego dowiecie si\u0119 tylko czytaj\u0105c kolejne powie\u015bci i opowiadania mojego autorstwa.<\/em><\/p>\n<p style=\"text-align: justify;\">Co o tym s\u0105dzicie? Przekonuje Was takie wyja\u015bnienie tej kwestii? Chcieliby\u015bcie zobaczy\u0107 jeszcze \u017cywego Czarnego Pana w akcji?<\/p>\n<p>&nbsp;<\/p>\n","protected":false},"excerpt":{"rendered":"<p>Wielu z Was zastanawia si\u0119, co sta\u0142o si\u0119 ze szcz\u0105tkami Lorda Voldemorta po jego \u015bmierci w finale powie\u015bci &#8220;Harry Potter i Insygnia \u015amierci&#8221;. Postanowili\u015bmy przyjrze\u0107 &hellip;<\/p>\n","protected":false},"author":1,"featured_media":0,"comment_status":"open","ping_status":"open","sticky":false,"template":"","format":"standard","meta":{"_jetpack_memberships_contains_paid_content":false,"footnotes":""},"categories":[4],"tags":[],"class_list":["post-66","post","type-post","status-publish","format-standard","hentry","category-mysl"],"yoast_head":"<!-- This site is optimized with the Yoast SEO plugin v27.5 - https:\/\/yoast.com\/product\/yoast-seo-wordpress\/ -->\n<title>Co tak naprawd\u0119 sta\u0142o si\u0119 ze szcz\u0105tkami Lorda Voldemorta? Czy kiedykolwiek jeszcze powr\u00f3ci? - DRUP - D\u0119gi Rozszerzenie Uniwersum Pottera<\/title>\n<meta name=\"robots\" content=\"index, follow, max-snippet:-1, max-image-preview:large, max-video-preview:-1\" \/>\n<link rel=\"canonical\" href=\"https:\/\/accio.pl\/hp9\/drup\/2021\/08\/08\/co-tak-naprawde-stalo-sie-ze-szczatkami-lorda-voldemorta-czy-kiedykolwiek-jeszcze-powroci\/\" \/>\n<meta property=\"og:locale\" content=\"pl_PL\" \/>\n<meta property=\"og:type\" content=\"article\" \/>\n<meta property=\"og:title\" content=\"Co tak naprawd\u0119 sta\u0142o si\u0119 ze szcz\u0105tkami Lorda Voldemorta? Czy kiedykolwiek jeszcze powr\u00f3ci? - DRUP - D\u0119gi Rozszerzenie Uniwersum Pottera\" \/>\n<meta property=\"og:description\" content=\"Wielu z Was zastanawia si\u0119, co sta\u0142o si\u0119 ze szcz\u0105tkami Lorda Voldemorta po jego \u015bmierci w finale powie\u015bci &#8220;Harry Potter i Insygnia \u015amierci&#8221;. Postanowili\u015bmy przyjrze\u0107 &hellip;\" \/>\n<meta property=\"og:url\" content=\"https:\/\/accio.pl\/hp9\/drup\/2021\/08\/08\/co-tak-naprawde-stalo-sie-ze-szczatkami-lorda-voldemorta-czy-kiedykolwiek-jeszcze-powroci\/\" \/>\n<meta property=\"og:site_name\" content=\"DRUP - D\u0119gi Rozszerzenie Uniwersum Pottera\" \/>\n<meta property=\"article:author\" content=\"https:\/\/www.facebook.com\/profile.php?id=100009355636363\" \/>\n<meta property=\"article:published_time\" content=\"2021-08-08T08:24:49+00:00\" \/>\n<meta property=\"article:modified_time\" content=\"2021-08-08T08:27:01+00:00\" \/>\n<meta property=\"og:image\" content=\"http:\/\/accio.pl\/hp9\/drup\/wp-content\/uploads\/sites\/2\/2021\/08\/Voldemort-Death-300x167.jpg\" \/>\n<meta name=\"author\" content=\"#Autor MD\u0119ga\" \/>\n<meta name=\"twitter:card\" content=\"summary_large_image\" \/>\n<meta name=\"twitter:label1\" content=\"Napisane przez\" \/>\n\t<meta name=\"twitter:data1\" content=\"#Autor MD\u0119ga\" \/>\n\t<meta name=\"twitter:label2\" content=\"Szacowany czas czytania\" \/>\n\t<meta name=\"twitter:data2\" content=\"3 minuty\" \/>\n<script type=\"application\/ld+json\" class=\"yoast-schema-graph\">{\"@context\":\"https:\\\/\\\/schema.org\",\"@graph\":[{\"@type\":\"Article\",\"@id\":\"https:\\\/\\\/accio.pl\\\/hp9\\\/drup\\\/2021\\\/08\\\/08\\\/co-tak-naprawde-stalo-sie-ze-szczatkami-lorda-voldemorta-czy-kiedykolwiek-jeszcze-powroci\\\/#article\",\"isPartOf\":{\"@id\":\"https:\\\/\\\/accio.pl\\\/hp9\\\/drup\\\/2021\\\/08\\\/08\\\/co-tak-naprawde-stalo-sie-ze-szczatkami-lorda-voldemorta-czy-kiedykolwiek-jeszcze-powroci\\\/\"},\"author\":{\"name\":\"#Autor MD\u0119ga\",\"@id\":\"https:\\\/\\\/accio.pl\\\/hp9\\\/drup\\\/#\\\/schema\\\/person\\\/782091e77e0bfafee6d8d52ff7e60e79\"},\"headline\":\"Co tak naprawd\u0119 sta\u0142o si\u0119 ze szcz\u0105tkami Lorda Voldemorta? Czy kiedykolwiek jeszcze powr\u00f3ci?\",\"datePublished\":\"2021-08-08T08:24:49+00:00\",\"dateModified\":\"2021-08-08T08:27:01+00:00\",\"mainEntityOfPage\":{\"@id\":\"https:\\\/\\\/accio.pl\\\/hp9\\\/drup\\\/2021\\\/08\\\/08\\\/co-tak-naprawde-stalo-sie-ze-szczatkami-lorda-voldemorta-czy-kiedykolwiek-jeszcze-powroci\\\/\"},\"wordCount\":552,\"commentCount\":0,\"image\":{\"@id\":\"https:\\\/\\\/accio.pl\\\/hp9\\\/drup\\\/2021\\\/08\\\/08\\\/co-tak-naprawde-stalo-sie-ze-szczatkami-lorda-voldemorta-czy-kiedykolwiek-jeszcze-powroci\\\/#primaryimage\"},\"thumbnailUrl\":\"http:\\\/\\\/accio.pl\\\/hp9\\\/drup\\\/wp-content\\\/uploads\\\/sites\\\/2\\\/2021\\\/08\\\/Voldemort-Death-300x167.jpg\",\"articleSection\":[\"My\u015blodsiewnia\"],\"inLanguage\":\"pl-PL\",\"potentialAction\":[{\"@type\":\"CommentAction\",\"name\":\"Comment\",\"target\":[\"https:\\\/\\\/accio.pl\\\/hp9\\\/drup\\\/2021\\\/08\\\/08\\\/co-tak-naprawde-stalo-sie-ze-szczatkami-lorda-voldemorta-czy-kiedykolwiek-jeszcze-powroci\\\/#respond\"]}]},{\"@type\":\"WebPage\",\"@id\":\"https:\\\/\\\/accio.pl\\\/hp9\\\/drup\\\/2021\\\/08\\\/08\\\/co-tak-naprawde-stalo-sie-ze-szczatkami-lorda-voldemorta-czy-kiedykolwiek-jeszcze-powroci\\\/\",\"url\":\"https:\\\/\\\/accio.pl\\\/hp9\\\/drup\\\/2021\\\/08\\\/08\\\/co-tak-naprawde-stalo-sie-ze-szczatkami-lorda-voldemorta-czy-kiedykolwiek-jeszcze-powroci\\\/\",\"name\":\"Co tak naprawd\u0119 sta\u0142o si\u0119 ze szcz\u0105tkami Lorda Voldemorta? Czy kiedykolwiek jeszcze powr\u00f3ci? - DRUP - D\u0119gi Rozszerzenie Uniwersum Pottera\",\"isPartOf\":{\"@id\":\"https:\\\/\\\/accio.pl\\\/hp9\\\/drup\\\/#website\"},\"primaryImageOfPage\":{\"@id\":\"https:\\\/\\\/accio.pl\\\/hp9\\\/drup\\\/2021\\\/08\\\/08\\\/co-tak-naprawde-stalo-sie-ze-szczatkami-lorda-voldemorta-czy-kiedykolwiek-jeszcze-powroci\\\/#primaryimage\"},\"image\":{\"@id\":\"https:\\\/\\\/accio.pl\\\/hp9\\\/drup\\\/2021\\\/08\\\/08\\\/co-tak-naprawde-stalo-sie-ze-szczatkami-lorda-voldemorta-czy-kiedykolwiek-jeszcze-powroci\\\/#primaryimage\"},\"thumbnailUrl\":\"http:\\\/\\\/accio.pl\\\/hp9\\\/drup\\\/wp-content\\\/uploads\\\/sites\\\/2\\\/2021\\\/08\\\/Voldemort-Death-300x167.jpg\",\"datePublished\":\"2021-08-08T08:24:49+00:00\",\"dateModified\":\"2021-08-08T08:27:01+00:00\",\"author\":{\"@id\":\"https:\\\/\\\/accio.pl\\\/hp9\\\/drup\\\/#\\\/schema\\\/person\\\/782091e77e0bfafee6d8d52ff7e60e79\"},\"breadcrumb\":{\"@id\":\"https:\\\/\\\/accio.pl\\\/hp9\\\/drup\\\/2021\\\/08\\\/08\\\/co-tak-naprawde-stalo-sie-ze-szczatkami-lorda-voldemorta-czy-kiedykolwiek-jeszcze-powroci\\\/#breadcrumb\"},\"inLanguage\":\"pl-PL\",\"potentialAction\":[{\"@type\":\"ReadAction\",\"target\":[\"https:\\\/\\\/accio.pl\\\/hp9\\\/drup\\\/2021\\\/08\\\/08\\\/co-tak-naprawde-stalo-sie-ze-szczatkami-lorda-voldemorta-czy-kiedykolwiek-jeszcze-powroci\\\/\"]}]},{\"@type\":\"ImageObject\",\"inLanguage\":\"pl-PL\",\"@id\":\"https:\\\/\\\/accio.pl\\\/hp9\\\/drup\\\/2021\\\/08\\\/08\\\/co-tak-naprawde-stalo-sie-ze-szczatkami-lorda-voldemorta-czy-kiedykolwiek-jeszcze-powroci\\\/#primaryimage\",\"url\":\"https:\\\/\\\/accio.pl\\\/hp9\\\/drup\\\/wp-content\\\/uploads\\\/sites\\\/2\\\/2021\\\/08\\\/Voldemort-Death.jpg\",\"contentUrl\":\"https:\\\/\\\/accio.pl\\\/hp9\\\/drup\\\/wp-content\\\/uploads\\\/sites\\\/2\\\/2021\\\/08\\\/Voldemort-Death.jpg\",\"width\":450,\"height\":251},{\"@type\":\"BreadcrumbList\",\"@id\":\"https:\\\/\\\/accio.pl\\\/hp9\\\/drup\\\/2021\\\/08\\\/08\\\/co-tak-naprawde-stalo-sie-ze-szczatkami-lorda-voldemorta-czy-kiedykolwiek-jeszcze-powroci\\\/#breadcrumb\",\"itemListElement\":[{\"@type\":\"ListItem\",\"position\":1,\"name\":\"Strona g\u0142\u00f3wna\",\"item\":\"https:\\\/\\\/accio.pl\\\/hp9\\\/drup\\\/\"},{\"@type\":\"ListItem\",\"position\":2,\"name\":\"Co tak naprawd\u0119 sta\u0142o si\u0119 ze szcz\u0105tkami Lorda Voldemorta? Czy kiedykolwiek jeszcze powr\u00f3ci?\"}]},{\"@type\":\"WebSite\",\"@id\":\"https:\\\/\\\/accio.pl\\\/hp9\\\/drup\\\/#website\",\"url\":\"https:\\\/\\\/accio.pl\\\/hp9\\\/drup\\\/\",\"name\":\"DRUP - D\u0119gi Rozszerzenie Uniwersum Pottera\",\"description\":\"Fandomowe rozwini\u0119cie \u015bwiata magii J.K. Rowling\",\"potentialAction\":[{\"@type\":\"SearchAction\",\"target\":{\"@type\":\"EntryPoint\",\"urlTemplate\":\"https:\\\/\\\/accio.pl\\\/hp9\\\/drup\\\/?s={search_term_string}\"},\"query-input\":{\"@type\":\"PropertyValueSpecification\",\"valueRequired\":true,\"valueName\":\"search_term_string\"}}],\"inLanguage\":\"pl-PL\"},{\"@type\":\"Person\",\"@id\":\"https:\\\/\\\/accio.pl\\\/hp9\\\/drup\\\/#\\\/schema\\\/person\\\/782091e77e0bfafee6d8d52ff7e60e79\",\"name\":\"#Autor MD\u0119ga\",\"image\":{\"@type\":\"ImageObject\",\"inLanguage\":\"pl-PL\",\"@id\":\"https:\\\/\\\/secure.gravatar.com\\\/avatar\\\/74aa0aba1d730ef18a2bbf436594a453289c5a87b01c6edf010b77be76f051b1?s=96&d=mm&r=g\",\"url\":\"https:\\\/\\\/secure.gravatar.com\\\/avatar\\\/74aa0aba1d730ef18a2bbf436594a453289c5a87b01c6edf010b77be76f051b1?s=96&d=mm&r=g\",\"contentUrl\":\"https:\\\/\\\/secure.gravatar.com\\\/avatar\\\/74aa0aba1d730ef18a2bbf436594a453289c5a87b01c6edf010b77be76f051b1?s=96&d=mm&r=g\",\"caption\":\"#Autor MD\u0119ga\"},\"description\":\"Autor wszystkich powie\u015bci i opowiada\u0144 opublikowanych na \u0142amach tego serwisu oraz wieloletni potterhead.\",\"sameAs\":[\"http:\\\/\\\/accio.pl\",\"https:\\\/\\\/www.facebook.com\\\/profile.php?id=100009355636363\",\"https:\\\/\\\/www.instagram.com\\\/dygus1986\\\/\",\"https:\\\/\\\/www.youtube.com\\\/user\\\/dygusS\\\/\"],\"url\":\"https:\\\/\\\/accio.pl\\\/hp9\\\/drup\\\/author\\\/admin\\\/\"}]}<\/script>\n<!-- \/ Yoast SEO plugin. -->","yoast_head_json":{"title":"Co tak naprawd\u0119 sta\u0142o si\u0119 ze szcz\u0105tkami Lorda Voldemorta? Czy kiedykolwiek jeszcze powr\u00f3ci? - DRUP - D\u0119gi Rozszerzenie Uniwersum Pottera","robots":{"index":"index","follow":"follow","max-snippet":"max-snippet:-1","max-image-preview":"max-image-preview:large","max-video-preview":"max-video-preview:-1"},"canonical":"https:\/\/accio.pl\/hp9\/drup\/2021\/08\/08\/co-tak-naprawde-stalo-sie-ze-szczatkami-lorda-voldemorta-czy-kiedykolwiek-jeszcze-powroci\/","og_locale":"pl_PL","og_type":"article","og_title":"Co tak naprawd\u0119 sta\u0142o si\u0119 ze szcz\u0105tkami Lorda Voldemorta? Czy kiedykolwiek jeszcze powr\u00f3ci? - DRUP - D\u0119gi Rozszerzenie Uniwersum Pottera","og_description":"Wielu z Was zastanawia si\u0119, co sta\u0142o si\u0119 ze szcz\u0105tkami Lorda Voldemorta po jego \u015bmierci w finale powie\u015bci &#8220;Harry Potter i Insygnia \u015amierci&#8221;. Postanowili\u015bmy przyjrze\u0107 &hellip;","og_url":"https:\/\/accio.pl\/hp9\/drup\/2021\/08\/08\/co-tak-naprawde-stalo-sie-ze-szczatkami-lorda-voldemorta-czy-kiedykolwiek-jeszcze-powroci\/","og_site_name":"DRUP - D\u0119gi Rozszerzenie Uniwersum Pottera","article_author":"https:\/\/www.facebook.com\/profile.php?id=100009355636363","article_published_time":"2021-08-08T08:24:49+00:00","article_modified_time":"2021-08-08T08:27:01+00:00","og_image":[{"url":"http:\/\/accio.pl\/hp9\/drup\/wp-content\/uploads\/sites\/2\/2021\/08\/Voldemort-Death-300x167.jpg","type":"","width":"","height":""}],"author":"#Autor MD\u0119ga","twitter_card":"summary_large_image","twitter_misc":{"Napisane przez":"#Autor MD\u0119ga","Szacowany czas czytania":"3 minuty"},"schema":{"@context":"https:\/\/schema.org","@graph":[{"@type":"Article","@id":"https:\/\/accio.pl\/hp9\/drup\/2021\/08\/08\/co-tak-naprawde-stalo-sie-ze-szczatkami-lorda-voldemorta-czy-kiedykolwiek-jeszcze-powroci\/#article","isPartOf":{"@id":"https:\/\/accio.pl\/hp9\/drup\/2021\/08\/08\/co-tak-naprawde-stalo-sie-ze-szczatkami-lorda-voldemorta-czy-kiedykolwiek-jeszcze-powroci\/"},"author":{"name":"#Autor MD\u0119ga","@id":"https:\/\/accio.pl\/hp9\/drup\/#\/schema\/person\/782091e77e0bfafee6d8d52ff7e60e79"},"headline":"Co tak naprawd\u0119 sta\u0142o si\u0119 ze szcz\u0105tkami Lorda Voldemorta? Czy kiedykolwiek jeszcze powr\u00f3ci?","datePublished":"2021-08-08T08:24:49+00:00","dateModified":"2021-08-08T08:27:01+00:00","mainEntityOfPage":{"@id":"https:\/\/accio.pl\/hp9\/drup\/2021\/08\/08\/co-tak-naprawde-stalo-sie-ze-szczatkami-lorda-voldemorta-czy-kiedykolwiek-jeszcze-powroci\/"},"wordCount":552,"commentCount":0,"image":{"@id":"https:\/\/accio.pl\/hp9\/drup\/2021\/08\/08\/co-tak-naprawde-stalo-sie-ze-szczatkami-lorda-voldemorta-czy-kiedykolwiek-jeszcze-powroci\/#primaryimage"},"thumbnailUrl":"http:\/\/accio.pl\/hp9\/drup\/wp-content\/uploads\/sites\/2\/2021\/08\/Voldemort-Death-300x167.jpg","articleSection":["My\u015blodsiewnia"],"inLanguage":"pl-PL","potentialAction":[{"@type":"CommentAction","name":"Comment","target":["https:\/\/accio.pl\/hp9\/drup\/2021\/08\/08\/co-tak-naprawde-stalo-sie-ze-szczatkami-lorda-voldemorta-czy-kiedykolwiek-jeszcze-powroci\/#respond"]}]},{"@type":"WebPage","@id":"https:\/\/accio.pl\/hp9\/drup\/2021\/08\/08\/co-tak-naprawde-stalo-sie-ze-szczatkami-lorda-voldemorta-czy-kiedykolwiek-jeszcze-powroci\/","url":"https:\/\/accio.pl\/hp9\/drup\/2021\/08\/08\/co-tak-naprawde-stalo-sie-ze-szczatkami-lorda-voldemorta-czy-kiedykolwiek-jeszcze-powroci\/","name":"Co tak naprawd\u0119 sta\u0142o si\u0119 ze szcz\u0105tkami Lorda Voldemorta? Czy kiedykolwiek jeszcze powr\u00f3ci? - DRUP - D\u0119gi Rozszerzenie Uniwersum Pottera","isPartOf":{"@id":"https:\/\/accio.pl\/hp9\/drup\/#website"},"primaryImageOfPage":{"@id":"https:\/\/accio.pl\/hp9\/drup\/2021\/08\/08\/co-tak-naprawde-stalo-sie-ze-szczatkami-lorda-voldemorta-czy-kiedykolwiek-jeszcze-powroci\/#primaryimage"},"image":{"@id":"https:\/\/accio.pl\/hp9\/drup\/2021\/08\/08\/co-tak-naprawde-stalo-sie-ze-szczatkami-lorda-voldemorta-czy-kiedykolwiek-jeszcze-powroci\/#primaryimage"},"thumbnailUrl":"http:\/\/accio.pl\/hp9\/drup\/wp-content\/uploads\/sites\/2\/2021\/08\/Voldemort-Death-300x167.jpg","datePublished":"2021-08-08T08:24:49+00:00","dateModified":"2021-08-08T08:27:01+00:00","author":{"@id":"https:\/\/accio.pl\/hp9\/drup\/#\/schema\/person\/782091e77e0bfafee6d8d52ff7e60e79"},"breadcrumb":{"@id":"https:\/\/accio.pl\/hp9\/drup\/2021\/08\/08\/co-tak-naprawde-stalo-sie-ze-szczatkami-lorda-voldemorta-czy-kiedykolwiek-jeszcze-powroci\/#breadcrumb"},"inLanguage":"pl-PL","potentialAction":[{"@type":"ReadAction","target":["https:\/\/accio.pl\/hp9\/drup\/2021\/08\/08\/co-tak-naprawde-stalo-sie-ze-szczatkami-lorda-voldemorta-czy-kiedykolwiek-jeszcze-powroci\/"]}]},{"@type":"ImageObject","inLanguage":"pl-PL","@id":"https:\/\/accio.pl\/hp9\/drup\/2021\/08\/08\/co-tak-naprawde-stalo-sie-ze-szczatkami-lorda-voldemorta-czy-kiedykolwiek-jeszcze-powroci\/#primaryimage","url":"https:\/\/accio.pl\/hp9\/drup\/wp-content\/uploads\/sites\/2\/2021\/08\/Voldemort-Death.jpg","contentUrl":"https:\/\/accio.pl\/hp9\/drup\/wp-content\/uploads\/sites\/2\/2021\/08\/Voldemort-Death.jpg","width":450,"height":251},{"@type":"BreadcrumbList","@id":"https:\/\/accio.pl\/hp9\/drup\/2021\/08\/08\/co-tak-naprawde-stalo-sie-ze-szczatkami-lorda-voldemorta-czy-kiedykolwiek-jeszcze-powroci\/#breadcrumb","itemListElement":[{"@type":"ListItem","position":1,"name":"Strona g\u0142\u00f3wna","item":"https:\/\/accio.pl\/hp9\/drup\/"},{"@type":"ListItem","position":2,"name":"Co tak naprawd\u0119 sta\u0142o si\u0119 ze szcz\u0105tkami Lorda Voldemorta? Czy kiedykolwiek jeszcze powr\u00f3ci?"}]},{"@type":"WebSite","@id":"https:\/\/accio.pl\/hp9\/drup\/#website","url":"https:\/\/accio.pl\/hp9\/drup\/","name":"DRUP - D\u0119gi Rozszerzenie Uniwersum Pottera","description":"Fandomowe rozwini\u0119cie \u015bwiata magii J.K. Rowling","potentialAction":[{"@type":"SearchAction","target":{"@type":"EntryPoint","urlTemplate":"https:\/\/accio.pl\/hp9\/drup\/?s={search_term_string}"},"query-input":{"@type":"PropertyValueSpecification","valueRequired":true,"valueName":"search_term_string"}}],"inLanguage":"pl-PL"},{"@type":"Person","@id":"https:\/\/accio.pl\/hp9\/drup\/#\/schema\/person\/782091e77e0bfafee6d8d52ff7e60e79","name":"#Autor MD\u0119ga","image":{"@type":"ImageObject","inLanguage":"pl-PL","@id":"https:\/\/secure.gravatar.com\/avatar\/74aa0aba1d730ef18a2bbf436594a453289c5a87b01c6edf010b77be76f051b1?s=96&d=mm&r=g","url":"https:\/\/secure.gravatar.com\/avatar\/74aa0aba1d730ef18a2bbf436594a453289c5a87b01c6edf010b77be76f051b1?s=96&d=mm&r=g","contentUrl":"https:\/\/secure.gravatar.com\/avatar\/74aa0aba1d730ef18a2bbf436594a453289c5a87b01c6edf010b77be76f051b1?s=96&d=mm&r=g","caption":"#Autor MD\u0119ga"},"description":"Autor wszystkich powie\u015bci i opowiada\u0144 opublikowanych na \u0142amach tego serwisu oraz wieloletni potterhead.","sameAs":["http:\/\/accio.pl","https:\/\/www.facebook.com\/profile.php?id=100009355636363","https:\/\/www.instagram.com\/dygus1986\/","https:\/\/www.youtube.com\/user\/dygusS\/"],"url":"https:\/\/accio.pl\/hp9\/drup\/author\/admin\/"}]}},"jetpack_featured_media_url":"","jetpack_sharing_enabled":true,"_links":{"self":[{"href":"https:\/\/accio.pl\/hp9\/drup\/wp-json\/wp\/v2\/posts\/66","targetHints":{"allow":["GET"]}}],"collection":[{"href":"https:\/\/accio.pl\/hp9\/drup\/wp-json\/wp\/v2\/posts"}],"about":[{"href":"https:\/\/accio.pl\/hp9\/drup\/wp-json\/wp\/v2\/types\/post"}],"author":[{"embeddable":true,"href":"https:\/\/accio.pl\/hp9\/drup\/wp-json\/wp\/v2\/users\/1"}],"replies":[{"embeddable":true,"href":"https:\/\/accio.pl\/hp9\/drup\/wp-json\/wp\/v2\/comments?post=66"}],"version-history":[{"count":5,"href":"https:\/\/accio.pl\/hp9\/drup\/wp-json\/wp\/v2\/posts\/66\/revisions"}],"predecessor-version":[{"id":75,"href":"https:\/\/accio.pl\/hp9\/drup\/wp-json\/wp\/v2\/posts\/66\/revisions\/75"}],"wp:attachment":[{"href":"https:\/\/accio.pl\/hp9\/drup\/wp-json\/wp\/v2\/media?parent=66"}],"wp:term":[{"taxonomy":"category","embeddable":true,"href":"https:\/\/accio.pl\/hp9\/drup\/wp-json\/wp\/v2\/categories?post=66"},{"taxonomy":"post_tag","embeddable":true,"href":"https:\/\/accio.pl\/hp9\/drup\/wp-json\/wp\/v2\/tags?post=66"}],"curies":[{"name":"wp","href":"https:\/\/api.w.org\/{rel}","templated":true}]}}